{"id":1,"date":"2021-01-05T14:10:04","date_gmt":"2021-01-05T13:10:04","guid":{"rendered":"https:\/\/ypsium.com\/blog\/?p=1"},"modified":"2021-07-29T11:32:55","modified_gmt":"2021-07-29T09:32:55","slug":"fedex-cargo-atr","status":"publish","type":"post","link":"https:\/\/ypsium.com\/blog\/2021\/01\/05\/fedex-cargo-atr\/","title":{"rendered":"FedEx : son 1er ATR cargo r\u00e9gional pour la livraison"},"content":{"rendered":"\t\t<div data-elementor-type=\"wp-post\" data-elementor-id=\"1\" class=\"elementor elementor-1\">\n\t\t\t\t\t\t<section class=\"elementor-section elementor-top-section elementor-element elementor-element-1cc22783 elementor-section-boxed elementor-section-height-default elementor-section-height-default\" data-id=\"1cc22783\" data-element_type=\"section\" data-e-type=\"section\">\n\t\t\t\t\t\t<div class=\"elementor-container elementor-column-gap-default\">\n\t\t\t\t\t<div class=\"elementor-column elementor-col-100 elementor-top-column elementor-element elementor-element-d16c04a\" data-id=\"d16c04a\" data-element_type=\"column\" data-e-type=\"column\">\n\t\t\t<div class=\"elementor-widget-wrap elementor-element-populated\">\n\t\t\t\t\t\t<div class=\"elementor-element elementor-element-50246d18 elementor-widget elementor-widget-text-editor\" data-id=\"50246d18\" data-element_type=\"widget\" data-e-type=\"widget\" data-widget_type=\"text-editor.default\">\n\t\t\t\t<div class=\"elementor-widget-container\">\n\t\t\t\t\t\t\t\t\t\n<p>Lors du <strong>15 d\u00e9cembre 2020<\/strong>, l&rsquo;entreprise am\u00e9ricaine de livraison FedEx Express a inaugur\u00e9 son tout premier<strong> ATR cargo r\u00e9gional<\/strong>. Cet appareil a\u00e9rien est principalement d\u00e9di\u00e9 au transport de marchandises.<\/p>\n\n<figure class=\"wp-block-gallery aligncenter columns-1 is-cropped wp-block-gallery-2 is-layout-flex wp-block-gallery-is-layout-flex\">\n<figure><img fetchpriority=\"high\" decoding=\"async\" class=\"aligncenter wp-image-75 size-full\" src=\"https:\/\/ypsium.com\/blog\/wp-content\/uploads\/2021\/01\/fedex-cargo-atr-1.jpg\" alt=\"\" width=\"640\" height=\"425\" data-id=\"75\" data-full-url=\"https:\/\/ypsium.com\/blog\/wp-content\/uploads\/2021\/01\/fedex-cargo-atr-1.jpg\" data-link=\"https:\/\/ypsium.com\/blog\/2021\/01\/05\/fedex-cargo-atr\/fedex-cargo-atr-1\/\" srcset=\"https:\/\/ypsium.com\/blog\/wp-content\/uploads\/2021\/01\/fedex-cargo-atr-1.jpg 640w, https:\/\/ypsium.com\/blog\/wp-content\/uploads\/2021\/01\/fedex-cargo-atr-1-300x199.jpg 300w\" sizes=\"(max-width: 640px) 100vw, 640px\" \/><\/figure>\n<\/figure>\n\n<p class=\"has-text-align-left\">C&rsquo;est dans une optique de modernisation que le groupe am\u00e9ricain FedEx prend part \u00e0 l&rsquo;aventure de la livraison par cargo. Le principal avantage de l&rsquo;ATR cargo r\u00e9gional est sa <strong>grande capacit\u00e9 de fret<\/strong>. En effet, l&rsquo;appareil a\u00e9rien d\u00e9nomm\u00e9 <strong>72-600F<\/strong> dispose d&rsquo;un volume de <strong>75 m<sup>3<\/sup><\/strong>.<\/p>\n\n<p>D&rsquo;apr\u00e8s <strong>Jorn Van De Plas<\/strong>, vice-pr\u00e9sident principal des op\u00e9rations du r\u00e9seau a\u00e9rien et de Global Trade Services (GTS) pour FedEx Express Europe, ce cargo <strong>72-600F<\/strong> rentre dans la strat\u00e9gie de renouvellement de flotte. Cette derni\u00e8re vise \u00e0 faire prosp\u00e9rer les activit\u00e9s de flux et de livraison au sein du continent europ\u00e9en.<\/p>\n\t\t\t\t\t\t\t\t<\/div>\n\t\t\t\t<\/div>\n\t\t\t\t\t<\/div>\n\t\t<\/div>\n\t\t\t\t\t<\/div>\n\t\t<\/section>\n\t\t\t\t<\/div>\n\t\t","protected":false},"excerpt":{"rendered":"<p>Lors du 15 d\u00e9cembre 2020, l&rsquo;entreprise am\u00e9ricaine de livraison FedEx Express a inaugur\u00e9 son tout premier ATR cargo r\u00e9gional. Cet appareil a\u00e9rien est principalement d\u00e9di\u00e9 au transport de marchandises. C&rsquo;est dans une optique de modernisation que le groupe am\u00e9ricain FedEx prend part \u00e0 l&rsquo;aventure de la livraison par cargo. Le principal avantage de l&rsquo;ATR cargo [&hellip;]<\/p>\n","protected":false},"author":1,"featured_media":0,"comment_status":"closed","ping_status":"closed","sticky":false,"template":"","format":"standard","meta":{"footnotes":""},"categories":[1],"tags":[],"class_list":["post-1","post","type-post","status-publish","format-standard","hentry","category-actualite"],"yoast_head":"<!-- This site is optimized with the Yoast SEO plugin v27.4 - https:\/\/yoast.com\/product\/yoast-seo-wordpress\/ -->\n<title>FedEx : son 1er ATR cargo r\u00e9gional pour la livraison &#8212; YPSIUM<\/title>\n<meta name=\"description\" content=\"Lors du 15 d\u00e9cembre 2020, l&#039;entreprise am\u00e9ricaine de livraison FedEx Express a inaugur\u00e9 son tout premier ATR cargo r\u00e9gional.\" \/>\n<meta name=\"robots\" content=\"index, follow, max-snippet:-1, max-image-preview:large, max-video-preview:-1\" \/>\n<link rel=\"canonical\" href=\"https:\/\/ypsium.com\/blog\/2021\/01\/05\/fedex-cargo-atr\/\" \/>\n<meta property=\"og:locale\" content=\"fr_FR\" \/>\n<meta property=\"og:type\" content=\"article\" \/>\n<meta property=\"og:title\" content=\"FedEx : son 1er ATR cargo r\u00e9gional pour la livraison &#8212; YPSIUM\" \/>\n<meta property=\"og:description\" content=\"Lors du 15 d\u00e9cembre 2020, l&#039;entreprise am\u00e9ricaine de livraison FedEx Express a inaugur\u00e9 son tout premier ATR cargo r\u00e9gional.\" \/>\n<meta property=\"og:url\" content=\"https:\/\/ypsium.com\/blog\/2021\/01\/05\/fedex-cargo-atr\/\" \/>\n<meta property=\"og:site_name\" content=\"YPSIUM\" \/>\n<meta property=\"article:published_time\" content=\"2021-01-05T13:10:04+00:00\" \/>\n<meta property=\"article:modified_time\" content=\"2021-07-29T09:32:55+00:00\" \/>\n<meta property=\"og:image\" content=\"https:\/\/ypsium.com\/blog\/wp-content\/uploads\/2021\/01\/fedex-cargo-atr-1.jpg\" \/>\n<meta name=\"author\" content=\"Ypsium\" \/>\n<meta name=\"twitter:card\" content=\"summary_large_image\" \/>\n<meta name=\"twitter:label1\" content=\"\u00c9crit par\" \/>\n\t<meta name=\"twitter:data1\" content=\"Ypsium\" \/>\n\t<meta name=\"twitter:label2\" content=\"Dur\u00e9e de lecture estim\u00e9e\" \/>\n\t<meta name=\"twitter:data2\" content=\"1 minute\" \/>\n<script type=\"application\/ld+json\" class=\"yoast-schema-graph\">{\"@context\":\"https:\\\/\\\/schema.org\",\"@graph\":[{\"@type\":\"Article\",\"@id\":\"https:\\\/\\\/ypsium.com\\\/blog\\\/2021\\\/01\\\/05\\\/fedex-cargo-atr\\\/#article\",\"isPartOf\":{\"@id\":\"https:\\\/\\\/ypsium.com\\\/blog\\\/2021\\\/01\\\/05\\\/fedex-cargo-atr\\\/\"},\"author\":{\"name\":\"Ypsium\",\"@id\":\"https:\\\/\\\/ypsium.com\\\/blog\\\/#\\\/schema\\\/person\\\/d25ece72442f75a267795b1ea154fe2c\"},\"headline\":\"FedEx : son 1er ATR cargo r\u00e9gional pour la livraison\",\"datePublished\":\"2021-01-05T13:10:04+00:00\",\"dateModified\":\"2021-07-29T09:32:55+00:00\",\"mainEntityOfPage\":{\"@id\":\"https:\\\/\\\/ypsium.com\\\/blog\\\/2021\\\/01\\\/05\\\/fedex-cargo-atr\\\/\"},\"wordCount\":158,\"publisher\":{\"@id\":\"https:\\\/\\\/ypsium.com\\\/blog\\\/#organization\"},\"image\":{\"@id\":\"https:\\\/\\\/ypsium.com\\\/blog\\\/2021\\\/01\\\/05\\\/fedex-cargo-atr\\\/#primaryimage\"},\"thumbnailUrl\":\"https:\\\/\\\/ypsium.com\\\/blog\\\/wp-content\\\/uploads\\\/2021\\\/01\\\/fedex-cargo-atr-1.jpg\",\"articleSection\":[\"Actualit\u00e9s\"],\"inLanguage\":\"fr-FR\"},{\"@type\":\"WebPage\",\"@id\":\"https:\\\/\\\/ypsium.com\\\/blog\\\/2021\\\/01\\\/05\\\/fedex-cargo-atr\\\/\",\"url\":\"https:\\\/\\\/ypsium.com\\\/blog\\\/2021\\\/01\\\/05\\\/fedex-cargo-atr\\\/\",\"name\":\"FedEx : son 1er ATR cargo r\u00e9gional pour la livraison &#8212; YPSIUM\",\"isPartOf\":{\"@id\":\"https:\\\/\\\/ypsium.com\\\/blog\\\/#website\"},\"primaryImageOfPage\":{\"@id\":\"https:\\\/\\\/ypsium.com\\\/blog\\\/2021\\\/01\\\/05\\\/fedex-cargo-atr\\\/#primaryimage\"},\"image\":{\"@id\":\"https:\\\/\\\/ypsium.com\\\/blog\\\/2021\\\/01\\\/05\\\/fedex-cargo-atr\\\/#primaryimage\"},\"thumbnailUrl\":\"https:\\\/\\\/ypsium.com\\\/blog\\\/wp-content\\\/uploads\\\/2021\\\/01\\\/fedex-cargo-atr-1.jpg\",\"datePublished\":\"2021-01-05T13:10:04+00:00\",\"dateModified\":\"2021-07-29T09:32:55+00:00\",\"description\":\"Lors du 15 d\u00e9cembre 2020, l'entreprise am\u00e9ricaine de livraison FedEx Express a inaugur\u00e9 son tout premier ATR cargo r\u00e9gional.\",\"breadcrumb\":{\"@id\":\"https:\\\/\\\/ypsium.com\\\/blog\\\/2021\\\/01\\\/05\\\/fedex-cargo-atr\\\/#breadcrumb\"},\"inLanguage\":\"fr-FR\",\"potentialAction\":[{\"@type\":\"ReadAction\",\"target\":[\"https:\\\/\\\/ypsium.com\\\/blog\\\/2021\\\/01\\\/05\\\/fedex-cargo-atr\\\/\"]}]},{\"@type\":\"ImageObject\",\"inLanguage\":\"fr-FR\",\"@id\":\"https:\\\/\\\/ypsium.com\\\/blog\\\/2021\\\/01\\\/05\\\/fedex-cargo-atr\\\/#primaryimage\",\"url\":\"https:\\\/\\\/ypsium.com\\\/blog\\\/wp-content\\\/uploads\\\/2021\\\/01\\\/fedex-cargo-atr-1.jpg\",\"contentUrl\":\"https:\\\/\\\/ypsium.com\\\/blog\\\/wp-content\\\/uploads\\\/2021\\\/01\\\/fedex-cargo-atr-1.jpg\",\"width\":640,\"height\":425},{\"@type\":\"BreadcrumbList\",\"@id\":\"https:\\\/\\\/ypsium.com\\\/blog\\\/2021\\\/01\\\/05\\\/fedex-cargo-atr\\\/#breadcrumb\",\"itemListElement\":[{\"@type\":\"ListItem\",\"position\":1,\"name\":\"Accueil\",\"item\":\"https:\\\/\\\/ypsium.com\\\/blog\\\/\"},{\"@type\":\"ListItem\",\"position\":2,\"name\":\"FedEx : son 1er ATR cargo r\u00e9gional pour la livraison\"}]},{\"@type\":\"WebSite\",\"@id\":\"https:\\\/\\\/ypsium.com\\\/blog\\\/#website\",\"url\":\"https:\\\/\\\/ypsium.com\\\/blog\\\/\",\"name\":\"YPSIUM\",\"description\":\"La solution logicielle compl\u00e8te pour les transporteurs !\",\"publisher\":{\"@id\":\"https:\\\/\\\/ypsium.com\\\/blog\\\/#organization\"},\"potentialAction\":[{\"@type\":\"SearchAction\",\"target\":{\"@type\":\"EntryPoint\",\"urlTemplate\":\"https:\\\/\\\/ypsium.com\\\/blog\\\/?s={search_term_string}\"},\"query-input\":{\"@type\":\"PropertyValueSpecification\",\"valueRequired\":true,\"valueName\":\"search_term_string\"}}],\"inLanguage\":\"fr-FR\"},{\"@type\":\"Organization\",\"@id\":\"https:\\\/\\\/ypsium.com\\\/blog\\\/#organization\",\"name\":\"Ypsium\",\"url\":\"https:\\\/\\\/ypsium.com\\\/blog\\\/\",\"logo\":{\"@type\":\"ImageObject\",\"inLanguage\":\"fr-FR\",\"@id\":\"https:\\\/\\\/ypsium.com\\\/blog\\\/#\\\/schema\\\/logo\\\/image\\\/\",\"url\":\"\",\"contentUrl\":\"\",\"caption\":\"Ypsium\"},\"image\":{\"@id\":\"https:\\\/\\\/ypsium.com\\\/blog\\\/#\\\/schema\\\/logo\\\/image\\\/\"}},{\"@type\":\"Person\",\"@id\":\"https:\\\/\\\/ypsium.com\\\/blog\\\/#\\\/schema\\\/person\\\/d25ece72442f75a267795b1ea154fe2c\",\"name\":\"Ypsium\",\"image\":{\"@type\":\"ImageObject\",\"inLanguage\":\"fr-FR\",\"@id\":\"https:\\\/\\\/secure.gravatar.com\\\/avatar\\\/202dd37e09f08d4cf54711974a458ec358fefaf451a6e264b84233d103ba70b5?s=96&d=mm&r=g\",\"url\":\"https:\\\/\\\/secure.gravatar.com\\\/avatar\\\/202dd37e09f08d4cf54711974a458ec358fefaf451a6e264b84233d103ba70b5?s=96&d=mm&r=g\",\"contentUrl\":\"https:\\\/\\\/secure.gravatar.com\\\/avatar\\\/202dd37e09f08d4cf54711974a458ec358fefaf451a6e264b84233d103ba70b5?s=96&d=mm&r=g\",\"caption\":\"Ypsium\"},\"sameAs\":[\"https:\\\/\\\/ypsium.com\\\/blog\"]}]}<\/script>\n<!-- \/ Yoast SEO plugin. -->","yoast_head_json":{"title":"FedEx : son 1er ATR cargo r\u00e9gional pour la livraison &#8212; YPSIUM","description":"Lors du 15 d\u00e9cembre 2020, l'entreprise am\u00e9ricaine de livraison FedEx Express a inaugur\u00e9 son tout premier ATR cargo r\u00e9gional.","robots":{"index":"index","follow":"follow","max-snippet":"max-snippet:-1","max-image-preview":"max-image-preview:large","max-video-preview":"max-video-preview:-1"},"canonical":"https:\/\/ypsium.com\/blog\/2021\/01\/05\/fedex-cargo-atr\/","og_locale":"fr_FR","og_type":"article","og_title":"FedEx : son 1er ATR cargo r\u00e9gional pour la livraison &#8212; YPSIUM","og_description":"Lors du 15 d\u00e9cembre 2020, l'entreprise am\u00e9ricaine de livraison FedEx Express a inaugur\u00e9 son tout premier ATR cargo r\u00e9gional.","og_url":"https:\/\/ypsium.com\/blog\/2021\/01\/05\/fedex-cargo-atr\/","og_site_name":"YPSIUM","article_published_time":"2021-01-05T13:10:04+00:00","article_modified_time":"2021-07-29T09:32:55+00:00","og_image":[{"url":"https:\/\/ypsium.com\/blog\/wp-content\/uploads\/2021\/01\/fedex-cargo-atr-1.jpg","type":"","width":"","height":""}],"author":"Ypsium","twitter_card":"summary_large_image","twitter_misc":{"\u00c9crit par":"Ypsium","Dur\u00e9e de lecture estim\u00e9e":"1 minute"},"schema":{"@context":"https:\/\/schema.org","@graph":[{"@type":"Article","@id":"https:\/\/ypsium.com\/blog\/2021\/01\/05\/fedex-cargo-atr\/#article","isPartOf":{"@id":"https:\/\/ypsium.com\/blog\/2021\/01\/05\/fedex-cargo-atr\/"},"author":{"name":"Ypsium","@id":"https:\/\/ypsium.com\/blog\/#\/schema\/person\/d25ece72442f75a267795b1ea154fe2c"},"headline":"FedEx : son 1er ATR cargo r\u00e9gional pour la livraison","datePublished":"2021-01-05T13:10:04+00:00","dateModified":"2021-07-29T09:32:55+00:00","mainEntityOfPage":{"@id":"https:\/\/ypsium.com\/blog\/2021\/01\/05\/fedex-cargo-atr\/"},"wordCount":158,"publisher":{"@id":"https:\/\/ypsium.com\/blog\/#organization"},"image":{"@id":"https:\/\/ypsium.com\/blog\/2021\/01\/05\/fedex-cargo-atr\/#primaryimage"},"thumbnailUrl":"https:\/\/ypsium.com\/blog\/wp-content\/uploads\/2021\/01\/fedex-cargo-atr-1.jpg","articleSection":["Actualit\u00e9s"],"inLanguage":"fr-FR"},{"@type":"WebPage","@id":"https:\/\/ypsium.com\/blog\/2021\/01\/05\/fedex-cargo-atr\/","url":"https:\/\/ypsium.com\/blog\/2021\/01\/05\/fedex-cargo-atr\/","name":"FedEx : son 1er ATR cargo r\u00e9gional pour la livraison &#8212; YPSIUM","isPartOf":{"@id":"https:\/\/ypsium.com\/blog\/#website"},"primaryImageOfPage":{"@id":"https:\/\/ypsium.com\/blog\/2021\/01\/05\/fedex-cargo-atr\/#primaryimage"},"image":{"@id":"https:\/\/ypsium.com\/blog\/2021\/01\/05\/fedex-cargo-atr\/#primaryimage"},"thumbnailUrl":"https:\/\/ypsium.com\/blog\/wp-content\/uploads\/2021\/01\/fedex-cargo-atr-1.jpg","datePublished":"2021-01-05T13:10:04+00:00","dateModified":"2021-07-29T09:32:55+00:00","description":"Lors du 15 d\u00e9cembre 2020, l'entreprise am\u00e9ricaine de livraison FedEx Express a inaugur\u00e9 son tout premier ATR cargo r\u00e9gional.","breadcrumb":{"@id":"https:\/\/ypsium.com\/blog\/2021\/01\/05\/fedex-cargo-atr\/#breadcrumb"},"inLanguage":"fr-FR","potentialAction":[{"@type":"ReadAction","target":["https:\/\/ypsium.com\/blog\/2021\/01\/05\/fedex-cargo-atr\/"]}]},{"@type":"ImageObject","inLanguage":"fr-FR","@id":"https:\/\/ypsium.com\/blog\/2021\/01\/05\/fedex-cargo-atr\/#primaryimage","url":"https:\/\/ypsium.com\/blog\/wp-content\/uploads\/2021\/01\/fedex-cargo-atr-1.jpg","contentUrl":"https:\/\/ypsium.com\/blog\/wp-content\/uploads\/2021\/01\/fedex-cargo-atr-1.jpg","width":640,"height":425},{"@type":"BreadcrumbList","@id":"https:\/\/ypsium.com\/blog\/2021\/01\/05\/fedex-cargo-atr\/#breadcrumb","itemListElement":[{"@type":"ListItem","position":1,"name":"Accueil","item":"https:\/\/ypsium.com\/blog\/"},{"@type":"ListItem","position":2,"name":"FedEx : son 1er ATR cargo r\u00e9gional pour la livraison"}]},{"@type":"WebSite","@id":"https:\/\/ypsium.com\/blog\/#website","url":"https:\/\/ypsium.com\/blog\/","name":"YPSIUM","description":"La solution logicielle compl\u00e8te pour les transporteurs !","publisher":{"@id":"https:\/\/ypsium.com\/blog\/#organization"},"potentialAction":[{"@type":"SearchAction","target":{"@type":"EntryPoint","urlTemplate":"https:\/\/ypsium.com\/blog\/?s={search_term_string}"},"query-input":{"@type":"PropertyValueSpecification","valueRequired":true,"valueName":"search_term_string"}}],"inLanguage":"fr-FR"},{"@type":"Organization","@id":"https:\/\/ypsium.com\/blog\/#organization","name":"Ypsium","url":"https:\/\/ypsium.com\/blog\/","logo":{"@type":"ImageObject","inLanguage":"fr-FR","@id":"https:\/\/ypsium.com\/blog\/#\/schema\/logo\/image\/","url":"","contentUrl":"","caption":"Ypsium"},"image":{"@id":"https:\/\/ypsium.com\/blog\/#\/schema\/logo\/image\/"}},{"@type":"Person","@id":"https:\/\/ypsium.com\/blog\/#\/schema\/person\/d25ece72442f75a267795b1ea154fe2c","name":"Ypsium","image":{"@type":"ImageObject","inLanguage":"fr-FR","@id":"https:\/\/secure.gravatar.com\/avatar\/202dd37e09f08d4cf54711974a458ec358fefaf451a6e264b84233d103ba70b5?s=96&d=mm&r=g","url":"https:\/\/secure.gravatar.com\/avatar\/202dd37e09f08d4cf54711974a458ec358fefaf451a6e264b84233d103ba70b5?s=96&d=mm&r=g","contentUrl":"https:\/\/secure.gravatar.com\/avatar\/202dd37e09f08d4cf54711974a458ec358fefaf451a6e264b84233d103ba70b5?s=96&d=mm&r=g","caption":"Ypsium"},"sameAs":["https:\/\/ypsium.com\/blog"]}]}},"_links":{"self":[{"href":"https:\/\/ypsium.com\/blog\/wp-json\/wp\/v2\/posts\/1","targetHints":{"allow":["GET"]}}],"collection":[{"href":"https:\/\/ypsium.com\/blog\/wp-json\/wp\/v2\/posts"}],"about":[{"href":"https:\/\/ypsium.com\/blog\/wp-json\/wp\/v2\/types\/post"}],"author":[{"embeddable":true,"href":"https:\/\/ypsium.com\/blog\/wp-json\/wp\/v2\/users\/1"}],"replies":[{"embeddable":true,"href":"https:\/\/ypsium.com\/blog\/wp-json\/wp\/v2\/comments?post=1"}],"version-history":[{"count":19,"href":"https:\/\/ypsium.com\/blog\/wp-json\/wp\/v2\/posts\/1\/revisions"}],"predecessor-version":[{"id":861,"href":"https:\/\/ypsium.com\/blog\/wp-json\/wp\/v2\/posts\/1\/revisions\/861"}],"wp:attachment":[{"href":"https:\/\/ypsium.com\/blog\/wp-json\/wp\/v2\/media?parent=1"}],"wp:term":[{"taxonomy":"category","embeddable":true,"href":"https:\/\/ypsium.com\/blog\/wp-json\/wp\/v2\/categories?post=1"},{"taxonomy":"post_tag","embeddable":true,"href":"https:\/\/ypsium.com\/blog\/wp-json\/wp\/v2\/tags?post=1"}],"curies":[{"name":"wp","href":"https:\/\/api.w.org\/{rel}","templated":true}]}}